{"id":105,"date":"2010-05-23T08:49:34","date_gmt":"2010-05-23T06:49:34","guid":{"rendered":"http:\/\/www.nematoder.se\/blogg\/?p=105"},"modified":"2010-05-23T05:11:50","modified_gmt":"2010-05-23T03:11:50","slug":"nya-nematoder-mot-appelvecklare-och-grasmattelarver","status":"publish","type":"post","link":"http:\/\/www.nematoder.se\/blogg\/nya-nematoder-mot-appelvecklare-och-grasmattelarver\/","title":{"rendered":"Nya nematoder mot \u00e4ppelvecklare och gr\u00e4smattelarver"},"content":{"rendered":"<p>Nu kan vi erbjuda tv\u00e5 nya typer av nematoder f\u00f6r bek\u00e4mpning av skadedjur, n\u00e4mligen <strong>nematoder  mot <a href=\"..\/..\/nematoder-mot-appelvecklare-fjarilslarver.php\">\u00e4ppelvecklare\/fj\u00e4rilslarver<\/a> <\/strong>respektive<strong> <a href=\"..\/..\/nematoder-mot-grasmattelarver.php\">gr\u00e4smattelarver <\/a><a href=\"..\/..\/nematoder-mot-grasmattelarver.php\">t.ex. tr\u00e4dg\u00e5rdsborrar och ollonborrar<\/a><\/strong>.<\/p>\n<h2>\u00c4ppelvecklaren<\/h2>\n<p>\u00c4ppelvecklaren \u00e4r en gr\u00e5brun liten fj\u00e4ril som l\u00e4gger \u00e4gg. N\u00e4r larverna har kl\u00e4ckts s\u00e5 trivs de som allra b\u00e4st inuti mogna \u00e4pplen, d\u00e4r de \u00e4ter sig m\u00e4tta och l\u00e4mnar ett ganska stort utg\u00e5ngsh\u00e5l. I folkmun kallas den ibland \u00e4ppelmask. <a href=\"http:\/\/www.nematoder.se\">Nematoder<\/a> \u00e4r ett giftfritt s\u00e4tt att bek\u00e4mpa fj\u00e4rilslarverna.<\/p>\n<h2>Gr\u00e4smattelarver<\/h2>\n<p>Har du m\u00e4rkliga gula fl\u00e4ckar i din gr\u00e4smatta? Det kan vara ett larvangrepp av n\u00e5gon gr\u00e4smattelarv. Maj-juni \u00e4r b\u00e4sta tiden f\u00f6r behandling.<\/p>\n<p><strong>Best\u00e4llning av nematoder: <a href=\"http:\/\/www.nematoder.se\/bestall-nemaslug-nematoder.php\">L\u00e4nk<\/a><\/strong><\/p>\n","protected":false},"excerpt":{"rendered":"<p>Nu kan vi erbjuda tv\u00e5 nya typer av nematoder f\u00f6r bek\u00e4mpning av skadedjur, n\u00e4mligen nematoder mot \u00e4ppelvecklare\/fj\u00e4rilslarver respektive gr\u00e4smattelarver t.ex. tr\u00e4dg\u00e5rdsborrar och ollonborrar. \u00c4ppelvecklaren \u00c4ppelvecklaren \u00e4r en gr\u00e5brun liten fj\u00e4ril som l\u00e4gger \u00e4gg. N\u00e4r larverna har kl\u00e4ckts s\u00e5 trivs de som allra b\u00e4st inuti mogna \u00e4pplen, d\u00e4r de \u00e4ter sig m\u00e4tta och l\u00e4mnar ett ganska [&hellip;]<\/p>\n","protected":false},"author":2,"featured_media":0,"comment_status":"open","ping_status":"open","sticky":false,"template":"","format":"standard","meta":[],"categories":[1],"tags":[29,30,5,32,31],"_links":{"self":[{"href":"http:\/\/www.nematoder.se\/blogg\/wp-json\/wp\/v2\/posts\/105"}],"collection":[{"href":"http:\/\/www.nematoder.se\/blogg\/wp-json\/wp\/v2\/posts"}],"about":[{"href":"http:\/\/www.nematoder.se\/blogg\/wp-json\/wp\/v2\/types\/post"}],"author":[{"embeddable":true,"href":"http:\/\/www.nematoder.se\/blogg\/wp-json\/wp\/v2\/users\/2"}],"replies":[{"embeddable":true,"href":"http:\/\/www.nematoder.se\/blogg\/wp-json\/wp\/v2\/comments?post=105"}],"version-history":[{"count":6,"href":"http:\/\/www.nematoder.se\/blogg\/wp-json\/wp\/v2\/posts\/105\/revisions"}],"predecessor-version":[{"id":111,"href":"http:\/\/www.nematoder.se\/blogg\/wp-json\/wp\/v2\/posts\/105\/revisions\/111"}],"wp:attachment":[{"href":"http:\/\/www.nematoder.se\/blogg\/wp-json\/wp\/v2\/media?parent=105"}],"wp:term":[{"taxonomy":"category","embeddable":true,"href":"http:\/\/www.nematoder.se\/blogg\/wp-json\/wp\/v2\/categories?post=105"},{"taxonomy":"post_tag","embeddable":true,"href":"http:\/\/www.nematoder.se\/blogg\/wp-json\/wp\/v2\/tags?post=105"}],"curies":[{"name":"wp","href":"https:\/\/api.w.org\/{rel}","templated":true}]}}