{"id":30,"date":"2009-04-26T22:55:01","date_gmt":"2009-04-26T20:55:01","guid":{"rendered":"http:\/\/www.nematoder.se\/blogg\/?p=30"},"modified":"2009-04-26T22:55:01","modified_gmt":"2009-04-26T20:55:01","slug":"nagra-fargglada-varbilder","status":"publish","type":"post","link":"http:\/\/www.nematoder.se\/blogg\/nagra-fargglada-varbilder\/","title":{"rendered":"N\u00e5gra f\u00e4rgglada v\u00e5rbilder"},"content":{"rendered":"<p>Var ute p\u00e5 en joggingtur h\u00e4romdagen och hade kameran med mig. Lyckades f\u00e5nga n\u00e5gra av v\u00e5rens f\u00e4rger p\u00e5 bild. Tyv\u00e4rr hade det b\u00f6rjat skymma lite, s\u00e5 ljusf\u00f6rh\u00e5llandena var inte optimala. Fast inte ens skymningen lyckades f\u00f6rst\u00f6ra v\u00e5rf\u00e4rgerna!<\/p>\n<p>Klicka p\u00e5 bilderna f\u00f6r stora versioner.<\/p>\n<p><a href=\"http:\/\/www.nematoder.se\/blogg\/wp-content\/uploads\/2009\/04\/varbild-gult.jpg\" rel=\"lightbox[30]\"><img loading=\"lazy\" class=\"alignnone size-medium wp-image-31\" title=\"V\u00e5rbild, mycket gult!\" src=\"http:\/\/www.nematoder.se\/blogg\/wp-content\/uploads\/2009\/04\/varbild-gult-178x300.jpg\" alt=\"V\u00e5rbild, mycket gult!\" width=\"178\" height=\"300\" srcset=\"http:\/\/www.nematoder.se\/blogg\/wp-content\/uploads\/2009\/04\/varbild-gult-178x300.jpg 178w, http:\/\/www.nematoder.se\/blogg\/wp-content\/uploads\/2009\/04\/varbild-gult.jpg 480w\" sizes=\"(max-width: 178px) 100vw, 178px\" \/><\/a><a href=\"http:\/\/www.nematoder.se\/blogg\/wp-content\/uploads\/2009\/04\/varbild-blommande-trad.jpg\" rel=\"lightbox[30]\"><img loading=\"lazy\" class=\"alignnone size-medium wp-image-32\" title=\"V\u00e5rbild, blommande tr\u00e4d\" src=\"http:\/\/www.nematoder.se\/blogg\/wp-content\/uploads\/2009\/04\/varbild-blommande-trad-222x300.jpg\" alt=\"V\u00e5rbild, blommande tr\u00e4d\" width=\"222\" height=\"300\" srcset=\"http:\/\/www.nematoder.se\/blogg\/wp-content\/uploads\/2009\/04\/varbild-blommande-trad-222x300.jpg 222w, http:\/\/www.nematoder.se\/blogg\/wp-content\/uploads\/2009\/04\/varbild-blommande-trad.jpg 480w\" sizes=\"(max-width: 222px) 100vw, 222px\" \/><\/a><\/p>\n","protected":false},"excerpt":{"rendered":"<p>Var ute p\u00e5 en joggingtur h\u00e4romdagen och hade kameran med mig. Lyckades f\u00e5nga n\u00e5gra av v\u00e5rens f\u00e4rger p\u00e5 bild. Tyv\u00e4rr hade det b\u00f6rjat skymma lite, s\u00e5 ljusf\u00f6rh\u00e5llandena var inte optimala. Fast inte ens skymningen lyckades f\u00f6rst\u00f6ra v\u00e5rf\u00e4rgerna! Klicka p\u00e5 bilderna f\u00f6r stora versioner.<\/p>\n","protected":false},"author":2,"featured_media":0,"comment_status":"open","ping_status":"open","sticky":false,"template":"","format":"standard","meta":[],"categories":[1],"tags":[10],"_links":{"self":[{"href":"http:\/\/www.nematoder.se\/blogg\/wp-json\/wp\/v2\/posts\/30"}],"collection":[{"href":"http:\/\/www.nematoder.se\/blogg\/wp-json\/wp\/v2\/posts"}],"about":[{"href":"http:\/\/www.nematoder.se\/blogg\/wp-json\/wp\/v2\/types\/post"}],"author":[{"embeddable":true,"href":"http:\/\/www.nematoder.se\/blogg\/wp-json\/wp\/v2\/users\/2"}],"replies":[{"embeddable":true,"href":"http:\/\/www.nematoder.se\/blogg\/wp-json\/wp\/v2\/comments?post=30"}],"version-history":[{"count":7,"href":"http:\/\/www.nematoder.se\/blogg\/wp-json\/wp\/v2\/posts\/30\/revisions"}],"predecessor-version":[{"id":39,"href":"http:\/\/www.nematoder.se\/blogg\/wp-json\/wp\/v2\/posts\/30\/revisions\/39"}],"wp:attachment":[{"href":"http:\/\/www.nematoder.se\/blogg\/wp-json\/wp\/v2\/media?parent=30"}],"wp:term":[{"taxonomy":"category","embeddable":true,"href":"http:\/\/www.nematoder.se\/blogg\/wp-json\/wp\/v2\/categories?post=30"},{"taxonomy":"post_tag","embeddable":true,"href":"http:\/\/www.nematoder.se\/blogg\/wp-json\/wp\/v2\/tags?post=30"}],"curies":[{"name":"wp","href":"https:\/\/api.w.org\/{rel}","templated":true}]}}